{"id":453,"date":"2018-09-19T07:00:44","date_gmt":"2018-09-19T07:00:44","guid":{"rendered":"https:\/\/omsespana.com\/blog\/?p=453"},"modified":"2019-08-20T11:53:32","modified_gmt":"2019-08-20T11:53:32","slug":"la-recuperacion-consolidacion-la-industria-del-embalaje-espana","status":"publish","type":"post","link":"https:\/\/omsespana.com\/blog\/la-recuperacion-consolidacion-la-industria-del-embalaje-espana\/","title":{"rendered":"La recuperaci\u00f3n y consolidaci\u00f3n de la industria del embalaje en Espa\u00f1a\u00a0"},"content":{"rendered":"<p><strong>Crecimiento de la industria del embalaje en Espa\u00f1a despu\u00e9s de la crisis\u00a0<\/strong><\/p>\n<p><strong>El sector del <a href=\"https:\/\/omsespana.com\/blog\/3-claves-escoger-embalaje-barato-sin-renunciar-la-calidad\/\">embalaje<\/a> atraviesa un momento de auge\u00a0 y consolidaci\u00f3n<\/strong>, volviendo a niveles\u00a0precrisis\u00a0y alcanzando hasta un ritmo <strong>interanual de crecimiento del 4,15%<\/strong>.<span data-ccp-props=\"{&quot;201341983&quot;:0,&quot;335559739&quot;:160,&quot;335559740&quot;:259}\">\u00a0<\/span><\/p>\n<p>As\u00ed lo confirma el \u00faltimo informe sectorial del <strong>sal\u00f3n\u00a0Hispack\u00a0de\u00a0Fira\u00a0de Barcelona<\/strong>, la feria de referencia en este sector, seg\u00fan informaciones de la Agencia Europa\u00a0Press.<span data-ccp-props=\"{&quot;201341983&quot;:0,&quot;335559739&quot;:160,&quot;335559740&quot;:259}\">\u00a0<\/span><\/p>\n<p>Este mismo informe indica que\u00a0el\u00a0nivel de facturaci\u00f3n <strong>alcanz\u00f3 el pasado 2016\u00a0la\u00a0 mayor\u00a0facturaci\u00f3n de la d\u00e9cada: m\u00e1s de 20.000 millones.<\/strong> Unos niveles que se han incrementado hasta igualar a las cifras anteriores a la crisis.<span data-ccp-props=\"{&quot;201341983&quot;:0,&quot;335559739&quot;:160,&quot;335559740&quot;:259}\">\u00a0<\/span><\/p>\n<p>Unos datos que proyectan el buen funcionamiento del sector, el cual ya agrupa m\u00e1s de<strong> 2.100 empresas en Espa\u00f1a y emplea a casi 75.000 trabajad<\/strong>ores.<span data-ccp-props=\"{&quot;201341983&quot;:0,&quot;335559739&quot;:160,&quot;335559740&quot;:259}\">\u00a0<\/span><\/p>\n<p>Un cifra\u00a0que se fracciona seg\u00fan sectores, donde algunos presentan mayor o menor crecimiento.<span data-ccp-props=\"{&quot;201341983&quot;:0,&quot;335559739&quot;:160,&quot;335559740&quot;:259}\">\u00a0<\/span><\/p>\n<p><strong>\u00bfLos posibles motivos de este auge?<\/strong> Las buenas expectativas, el aumento de la importancia del <a href=\"https:\/\/omsespana.com\/blog\/conoce-los-tipos-maquinas-embalaje-funciones\/\">embalaje <\/a>y en su inversi\u00f3n y, como no, el aumento del comercio electr\u00f3nico.<span data-ccp-props=\"{&quot;201341983&quot;:0,&quot;335559739&quot;:160,&quot;335559740&quot;:259}\">\u00a0<\/span><\/p>\n<p><strong>En definitiva, el <a href=\"https:\/\/omsespana.com\/blog\/embalaje-sectores-fundamental\/\">sector del embalaje<\/a> atraviesa un buen momento<\/strong> para las empresas implicadas, cuya facturaci\u00f3n depende del volumen de producci\u00f3n de los distintos materiales.<span data-ccp-props=\"{&quot;201341983&quot;:0,&quot;335559739&quot;:160,&quot;335559740&quot;:259}\">\u00a0<\/span><\/p>\n<p>[cta id=\u00bb1382&#8243; vid=\u00bb0&#8243;]<\/p>\n<h2>El aumento en datos<span data-ccp-props=\"{&quot;201341983&quot;:0,&quot;335559739&quot;:160,&quot;335559740&quot;:259}\">\u00a0<\/span><\/h2>\n<p><strong>Hispack\u00a0es la feria de referencia en el sector del\u00a0packaging<\/strong>. Este mismo organismo ha sido el encargado de sacar relucir la buena marcha del sector, varios indicadores parecen confirmar este incremento.<span data-ccp-props=\"{&quot;201341983&quot;:0,&quot;335559739&quot;:160,&quot;335559740&quot;:259}\">\u00a0<\/span><\/p>\n<p>As\u00ed, el n\u00famero de profesionales que se han dado cita en la feria de 2018 <strong>aument\u00f3 un 20% en comparaci\u00f3n con el a\u00f1o 2015<\/strong> \u00bfel n\u00famero de expositores directos? 800 expositores ofrecieron sus soluciones de embalaje en la conocida congregaci\u00f3n de profesionales celebrada en Barcelona el pasado mayo.<span data-ccp-props=\"{&quot;201341983&quot;:0,&quot;335559739&quot;:160,&quot;335559740&quot;:259}\">\u00a0<\/span><\/p>\n<p>Una feria a la que <a href=\"https:\/\/omsespana.com\/\">OMS<\/a> tuvo el placer de asistir por s\u00e9ptima vez.<span data-ccp-props=\"{&quot;201341983&quot;:0,&quot;335559739&quot;:160,&quot;335559740&quot;:259}\">\u00a0<\/span><\/p>\n<p>Con respecto al incremento, tal y como informa Europa\u00a0Press:<span data-ccp-props=\"{&quot;201341983&quot;:0,&quot;335559739&quot;:160,&quot;335559740&quot;:259}\">\u00a0<\/span><\/p>\n<p><em>&#8216;Este volumen de negocio es un 12,44% mayor que en 2013 &#8211;datos del anterior estudio de la feria&#8211;, presentando un ritmo de crecimiento anual del 4,15% para el periodo 2013-2016.&#8217;.<\/em><\/p>\n<h3>El crecimiento por subsectores<span data-ccp-props=\"{&quot;201341983&quot;:0,&quot;335559739&quot;:160,&quot;335559740&quot;:259}\">\u00a0<\/span><\/h3>\n<p>Los subsectores presentan un l\u00edder\u00a0indiscutible: <a href=\"https:\/\/omsespana.com\/blog\/claves-para-elegir-el-embalaje-de-carton-que-necesitas\/\">el cart\u00f3n<\/a> ondulado. Con una facturaci\u00f3n de 4.867 millones, parece que es solo el comienzo de un sector en auge.<span data-ccp-props=\"{&quot;201341983&quot;:0,&quot;335559739&quot;:160,&quot;335559740&quot;:259}\">\u00a0<\/span><\/p>\n<p>El\u00a0sector\u00a0del pl\u00e1stico ocupa el segundo puesto\u00a0con\u00a0\u00a04.708\u00a0millones.<span data-ccp-props=\"{&quot;201341983&quot;:0,&quot;335559739&quot;:160,&quot;335559740&quot;:259}\">\u00a0<\/span><\/p>\n<p>Ambos s crecieron a un ritmo del \u201822 y 17% respectivamente entre el 2013 y\u00a02016, respectivamente\u2019 .<span data-ccp-props=\"{&quot;201341983&quot;:0,&quot;335559739&quot;:160,&quot;335559740&quot;:259}\">\u00a0<\/span><\/p>\n<p>Adem\u00e1s del\u00a0cart\u00f3n y papel, los envases met\u00e1licos, la maquinaria para\u00a0packaging, madera y vidrio han visto incrementada su facturaci\u00f3n.\u00a0<span data-ccp-props=\"{&quot;201341983&quot;:0,&quot;335559739&quot;:160,&quot;335559740&quot;:259}\">\u00a0<\/span><\/p>\n<h3>Aumento de las exportaciones<span data-ccp-props=\"{&quot;201341983&quot;:0,&quot;335559739&quot;:160,&quot;335559740&quot;:259}\">\u00a0<\/span><\/h3>\n<p>Las exportaciones tambi\u00e9n se incluyen\u00a0en esta prosperidad del\u00a0sector, las cuales\u00a0alcanzaron\u00a0cuotas de crecimiento de hasta el 5% durante tres ejercicios consecutivos durante la crisis\u00a0(2013-2015).<span data-ccp-props=\"{&quot;201341983&quot;:0,&quot;335559739&quot;:160,&quot;335559740&quot;:259}\">\u00a0<\/span><\/p>\n<ul>\n<li><strong>\u00bfC\u00f3mo evolucionar\u00e1?<\/strong><span data-ccp-props=\"{&quot;201341983&quot;:0,&quot;335559739&quot;:160,&quot;335559740&quot;:259}\">\u00a0<\/span>Por el momento, la recuperaci\u00f3n se confirma con el crecimiento del sector.<span data-ccp-props=\"{&quot;201341983&quot;:0,&quot;335559739&quot;:160,&quot;335559740&quot;:259}\">\u00a0<\/span>Un incremento que se ha sostenido a pesar de la crisis, y el nivel de demanda interna ha alcanzado niveles anteriores al impacto de la crisis econ\u00f3mica en el sector.<span data-ccp-props=\"{&quot;201341983&quot;:0,&quot;335559739&quot;:160,&quot;335559740&quot;:259}\">\u00a0<\/span><\/li>\n<\/ul>\n<h2>Hispack, referencia en el sector<span data-ccp-props=\"{&quot;201341983&quot;:0,&quot;335559739&quot;:160,&quot;335559740&quot;:259}\">\u00a0<\/span><\/h2>\n<p>Hispack\u00a0supone el punto de encuentro de los profesionales del embalaje, cuyo informe no hace m\u00e1s que\u00a0ratificar el buen funcionamiento de un sector que, adem\u00e1s del aumento de\u00a0volumen,<strong> encuentra una mayor<a href=\"https:\/\/omsespana.com\/blog\/imagen-de-marca-como-puede-beneficiarte-la-personalizacion-del-embalaje\/\"> inversi\u00f3n en I+D e innovaci\u00f3n<\/a>,<\/strong> as\u00ed como una mayor atenci\u00f3n por parte del gran p\u00fablico adem\u00e1s de los profesionales del sector.<span data-ccp-props=\"{&quot;201341983&quot;:0,&quot;335559739&quot;:160,&quot;335559740&quot;:259}\">\u00a0<\/span><\/p>\n<p>En OMS, como\u00a0profesionales\u00a0del sector con 65 a\u00f1os de experiencia, <a href=\"https:\/\/omsespana.com\/blog\/oms-espana-hispack-2018\/\">hemos tenido el placer de formar parte de la \u00faltima feria de\u00a0Hispack.\u00a0<span data-ccp-props=\"{&quot;201341983&quot;:0,&quot;335559739&quot;:160,&quot;335559740&quot;:259}\">\u00a0<\/span><\/a><\/p>\n<p>Desde el a\u00f1o 2001 nos <strong>presentamos como expositores con nuestras \u00faltimas novedades y con un amplio equipo t\u00e9cnico comercial<\/strong> dispuesto a atender a las dudas y necesidades de quien quiera acercarse a\u00a0conocernos.<span data-ccp-props=\"{&quot;201341983&quot;:0,&quot;335559739&quot;:160,&quot;335559740&quot;:259}\">\u00a0<\/span><\/p>\n<hr \/>\n<p><strong>\u00bfNecesitas una m\u00e1quina de embalaje para tu empresa?<\/strong>\u00a0En OMS tenemos un<a href=\"https:\/\/omsespana.com\/catalogos\/\">\u00a0cat\u00e1logo que te sorprender\u00e1<\/a>. Si necesitas orientaci\u00f3n sobre qu\u00e9 tipo de producto es el m\u00e1s adecuado para tu empresa, puedes ponerte en contacto con nosotros. Resolveremos todas tus dudas.<\/p>\n","protected":false},"excerpt":{"rendered":"<p>Crecimiento de la industria del embalaje en Espa\u00f1a despu\u00e9s de&hellip;<\/p>\n","protected":false},"author":2,"featured_media":455,"comment_status":"open","ping_status":"open","sticky":false,"template":"","format":"standard","meta":{"saved_in_kubio":false,"footnotes":""},"categories":[58],"tags":[],"class_list":["post-453","post","type-post","status-publish","format-standard","has-post-thumbnail","hentry","category-otros"],"_links":{"self":[{"href":"https:\/\/omsespana.com\/blog\/wp-json\/wp\/v2\/posts\/453","targetHints":{"allow":["GET"]}}],"collection":[{"href":"https:\/\/omsespana.com\/blog\/wp-json\/wp\/v2\/posts"}],"about":[{"href":"https:\/\/omsespana.com\/blog\/wp-json\/wp\/v2\/types\/post"}],"author":[{"embeddable":true,"href":"https:\/\/omsespana.com\/blog\/wp-json\/wp\/v2\/users\/2"}],"replies":[{"embeddable":true,"href":"https:\/\/omsespana.com\/blog\/wp-json\/wp\/v2\/comments?post=453"}],"version-history":[{"count":7,"href":"https:\/\/omsespana.com\/blog\/wp-json\/wp\/v2\/posts\/453\/revisions"}],"predecessor-version":[{"id":1450,"href":"https:\/\/omsespana.com\/blog\/wp-json\/wp\/v2\/posts\/453\/revisions\/1450"}],"wp:featuredmedia":[{"embeddable":true,"href":"https:\/\/omsespana.com\/blog\/wp-json\/wp\/v2\/media\/455"}],"wp:attachment":[{"href":"https:\/\/omsespana.com\/blog\/wp-json\/wp\/v2\/media?parent=453"}],"wp:term":[{"taxonomy":"category","embeddable":true,"href":"https:\/\/omsespana.com\/blog\/wp-json\/wp\/v2\/categories?post=453"},{"taxonomy":"post_tag","embeddable":true,"href":"https:\/\/omsespana.com\/blog\/wp-json\/wp\/v2\/tags?post=453"}],"curies":[{"name":"wp","href":"https:\/\/api.w.org\/{rel}","templated":true}]}}