{"id":495,"date":"2018-10-10T06:56:55","date_gmt":"2018-10-10T06:56:55","guid":{"rendered":"https:\/\/omsespana.com\/blog\/?p=495"},"modified":"2019-08-20T12:00:44","modified_gmt":"2019-08-20T12:00:44","slug":"hispack-2018-punto-de-encuentro-para-la-innovacion-del-packaging","status":"publish","type":"post","link":"https:\/\/omsespana.com\/blog\/hispack-2018-punto-de-encuentro-para-la-innovacion-del-packaging\/","title":{"rendered":"Hispack\u00a02018: punto de encuentro para la innovaci\u00f3n del packaging"},"content":{"rendered":"<p><strong>Innovaci\u00f3n, nuevas tecnolog\u00edas y objetivos\u00a0<\/strong><\/p>\n<p>El sector del embalaje se encuentra en de enhorabuena gracias a la<a href=\"https:\/\/omsespana.com\/blog\/la-recuperacion-consolidacion-la-industria-del-embalaje-espana\/\"> recuperaci\u00f3n de la industria en Espa\u00f1a.<span data-ccp-props=\"{&quot;201341983&quot;:0,&quot;335559739&quot;:160,&quot;335559740&quot;:259}\">\u00a0<\/span><\/a><\/p>\n<p>Una recuperaci\u00f3n que se hace latente gracias a la celebraci\u00f3n, entre otros indicadores, de\u00a0Hispack, un lugar de encuentro de los profesionales de sector para <strong>debatir, reflexionar y aportar ideas sobre el presente y futuro del sector del <a href=\"https:\/\/omsespana.com\/blog\/3-claves-escoger-embalaje-barato-sin-renunciar-la-calidad\/\">embalaje<\/a>.\u00a0<\/strong><\/p>\n<p>Un sector que se encuentra en pleno auge gracias al <strong>avance de la\u00a0tecnolog\u00eda y del e-commerce<\/strong>, por ejemplo.<span data-ccp-props=\"{&quot;201341983&quot;:0,&quot;335559739&quot;:160,&quot;335559740&quot;:259}\">\u00a0<\/span><\/p>\n<p>Por ello, es el momento para <strong>reconducir con el apoyo y cooperaci\u00f3n de los actores del sector,<\/strong> una de las industrias m\u00e1s importantes de nuestro pa\u00eds.\u00a0<span data-ccp-props=\"{&quot;201341983&quot;:0,&quot;335559739&quot;:160,&quot;335559740&quot;:259}\">\u00a0<\/span><\/p>\n<p>Este nuevo escenario se cristaliza en\u00a0Hispack,\u00a0a feria de referencia en este\u00a0sector.<span data-ccp-props=\"{&quot;201341983&quot;:0,&quot;335559739&quot;:160,&quot;335559740&quot;:259}\">\u00a0<\/span><\/p>\n<p>[cta id=\u00bb1382&#8243; vid=\u00bb0&#8243;]<\/p>\n<h2><span data-ccp-props=\"{&quot;201341983&quot;:0,&quot;335559739&quot;:160,&quot;335559740&quot;:259}\">\u00a0<\/span>Hispack\u00a02018, referencia en el sector<span data-ccp-props=\"{&quot;201341983&quot;:0,&quot;335559739&quot;:160,&quot;335559740&quot;:259}\">\u00a0<\/span><\/h2>\n<p>La \u00faltima feria celebrada tuvo lugar en Barcelona, donde los datos del informe de\u00a0Hispack\u00a0desvelan el \u00e9xito de esta edici\u00f3n en comparaci\u00f3n con otras ediciones pasadas, lo que no hace m\u00e1s que confirmar las buenas expectativas del sector.<span data-ccp-props=\"{&quot;201341983&quot;:0,&quot;335559739&quot;:160,&quot;335559740&quot;:259}\">\u00a0<\/span><\/p>\n<p>As\u00ed, el n\u00famero de profesionales que se han dado cita en la feria de 2018\u00a0<b>aument\u00f3 un 20% en comparaci\u00f3n con el a\u00f1o\u00a0<\/b><b>2015<\/b>\u00bfel n\u00famero de expositores directos? <strong>800 expositores ofrecieron sus soluciones de embalaje<\/strong> en la conocida congregaci\u00f3n de profesionales celebrada en Barcelona el pasado mayo.\u00a0<span data-ccp-props=\"{&quot;201341983&quot;:0,&quot;335559739&quot;:160,&quot;335559740&quot;:259}\">\u00a0<\/span><\/p>\n<p>El hecho de la uni\u00f3n de los diferentes profesionales propicia<strong> un espacio de reflexi\u00f3n y discusi\u00f3n para los profesionales<\/strong> tanto del presente como del futuro, as\u00ed como aprender de los errores del pasado.<span data-ccp-props=\"{&quot;201341983&quot;:0,&quot;335559739&quot;:160,&quot;335559740&quot;:259}\">\u00a0<\/span><\/p>\n<p>Este espacio de conversaci\u00f3n tuvo nada m\u00e1s y nada menos que la aportaci\u00f3n de <strong>209 ponentes con puntos de vista y\u00a0especialidades\u00a0diferentes dentro del sector del embalaje.\u00a0<\/strong><\/p>\n<p>Por otro lado,\u00a0Hispack\u00a0Challenges\u00a0se cre\u00f3 con el objetivo de desafiar los retos del\u00a0packaging\u00a0de la\u00a0mano\u00a0de los expertos del sector y de todos los participantes.<span data-ccp-props=\"{&quot;201341983&quot;:0,&quot;335559739&quot;:160,&quot;335559740&quot;:259}\">\u00a0<\/span><\/p>\n<h3>La feria en datos<span data-ccp-props=\"{&quot;201341983&quot;:0,&quot;335559739&quot;:160,&quot;335559740&quot;:259}\">\u00a0<\/span><\/h3>\n<p><img decoding=\"async\" class=\"aligncenter wp-image-511 size-full lazyload\" data-src=\"https:\/\/omsespana.com\/blog\/wp-content\/uploads\/2018\/10\/hispack.jpg\" alt=\"hispack\" width=\"640\" height=\"327\" data-srcset=\"https:\/\/omsespana.com\/blog\/wp-content\/uploads\/2018\/10\/hispack.jpg 640w, https:\/\/omsespana.com\/blog\/wp-content\/uploads\/2018\/10\/hispack-300x153.jpg 300w\" data-sizes=\"(max-width: 640px) 100vw, 640px\" src=\"data:image\/svg+xml;base64,PHN2ZyB3aWR0aD0iMSIgaGVpZ2h0PSIxIiB4bWxucz0iaHR0cDovL3d3dy53My5vcmcvMjAwMC9zdmciPjwvc3ZnPg==\" style=\"--smush-placeholder-width: 640px; --smush-placeholder-aspect-ratio: 640\/327;\" \/><\/p>\n<h6>Fuente: hispack.com<\/h6>\n<ul>\n<li>843 expositores<span data-ccp-props=\"{&quot;201341983&quot;:0,&quot;335559739&quot;:160,&quot;335559740&quot;:259}\">\u00a0<\/span><\/li>\n<li>39.257 metros cuadrados ocupados<span data-ccp-props=\"{&quot;201341983&quot;:0,&quot;335559739&quot;:160,&quot;335559740&quot;:259}\">\u00a0<\/span><\/li>\n<li>39.681 visitantes<span data-ccp-props=\"{&quot;201341983&quot;:0,&quot;335559739&quot;:160,&quot;335559740&quot;:259}\">\u00a0<\/span><\/li>\n<li>1.400 marcas representadas<span data-ccp-props=\"{&quot;201341983&quot;:0,&quot;335559739&quot;:160,&quot;335559740&quot;:259}\">\u00a0<\/span><\/li>\n<li>120 conferencias<span data-ccp-props=\"{&quot;201341983&quot;:0,&quot;335559739&quot;:160,&quot;335559740&quot;:259}\">\u00a0<\/span><\/li>\n<li>209 ponentes<span data-ccp-props=\"{&quot;201341983&quot;:0,&quot;335559739&quot;:160,&quot;335559740&quot;:259}\">\u00a0<\/span><\/li>\n<\/ul>\n<h3>Objetivos\u00a0de\u00a0Hispack\u00a02018<span data-ccp-props=\"{&quot;201341983&quot;:0,&quot;335559739&quot;:160,&quot;335559740&quot;:259}\">\u00a0<\/span><\/h3>\n<p>Un hoja\u00a0de ruta con objetivos espec\u00edfico garantiza la consecuci\u00f3n de los mismo, por ello\u00a0Hispack\u00a02018 se centr\u00f3 en abordar los desaf\u00edos, mejoras y panorama actual. Los principales temas fueron los siguientes:<span data-ccp-props=\"{&quot;201341983&quot;:0,&quot;335559739&quot;:160,&quot;335559740&quot;:259}\">\u00a0<\/span><\/p>\n<ul>\n<li><strong>Sostenibilidad:<\/strong> La sostenibilidad es uno de los di\u00e1logos m\u00e1s importantes del sector del embalaje actual<span data-ccp-props=\"{&quot;201341983&quot;:0,&quot;335559739&quot;:160,&quot;335559740&quot;:259}\">\u00a0<\/span><\/li>\n<li><strong>Log\u00edstica:<\/strong> La eficiencia como palabra clave para optimizar tiempo, coste y eficiencia.<span data-ccp-props=\"{&quot;201341983&quot;:0,&quot;335559739&quot;:160,&quot;335559740&quot;:259}\">\u00a0<\/span><\/li>\n<li><strong>La experiencia del consumidor:<\/strong> El consumidor y su experiencia como objetivo principal \u00bfc\u00f3mo? A trav\u00e9s de las nuevas tendencias como\u00a0<b>Convenient<\/b><b>\u00a0<\/b><b>packaging<\/b><b>,\u00a0<\/b><b>smart<\/b><b>\u00a0<\/b><b>packaging<\/b><b>,\u00a0<\/b><b>mass<\/b><b>\u00a0<\/b><b>customization<\/b><b>\u00a0o personalizaci\u00f3n<\/b><b>.<\/b><span data-ccp-props=\"{&quot;201341983&quot;:0,&quot;335559739&quot;:160,&quot;335559740&quot;:259}\">\u00a0<\/span><\/li>\n<li><strong>Automatizaci\u00f3n:<\/strong> gracias a la tecnolog\u00eda es posible optimizar los recursos disponibles, con el consecuente impacto.<span data-ccp-props=\"{&quot;201341983&quot;:0,&quot;335559739&quot;:160,&quot;335559740&quot;:259}\">\u00a0<\/span><\/li>\n<li><strong>Influencia del marketing en el punto de venta\u00a0<\/strong><\/li>\n<li><strong>Influencia de la tecnolog\u00eda en la creaci\u00f3n de\u00a0packaging<\/strong><\/li>\n<\/ul>\n<p><strong>El pr\u00f3ximo\u00a0Hispack, en el horizonte\u00a0<\/strong><\/p>\n<p>A\u00fan\u00a0asimilando los aprendizajes de la edici\u00f3n anterior,\u00a0Hispack\u00a0ya comienza a calentar motores y a preparar el siguiente encuentro del<strong> 20 al 23 de abril de 2021,<\/strong> al que puedes asistir ya sea como expositor o visitante para enterarte de las \u00faltimas novedades del sector.<span data-ccp-props=\"{&quot;201341983&quot;:0,&quot;335559739&quot;:160,&quot;335559740&quot;:259}\">\u00a0<\/span><\/p>\n<p><em>*En su <a href=\"http:\/\/www.hispack.com\/\">p\u00e1gina oficial<\/a> puedes ponerte al d\u00eda de todas las novedades\u00a0<\/em><\/p>\n<h2>OMS en\u00a0Hispack\u00a02018<span data-ccp-props=\"{&quot;201341983&quot;:0,&quot;335559739&quot;:160,&quot;335559740&quot;:259}\">\u00a0<\/span><\/h2>\n<p>Como no pod\u00eda ser de otra manera, <a href=\"https:\/\/omsespana.com\/blog\/oms-espana-hispack-2018\/\">en OMS formamos parte de este lugar de encuentro desde el a\u00f1o 2001,<\/a> porque la innovaci\u00f3n forma parte de nuestro ADN.<span data-ccp-props=\"{&quot;201341983&quot;:0,&quot;335559739&quot;:160,&quot;335559740&quot;:259}\">\u00a0<\/span><\/p>\n<p>El pasado mayo de este a\u00f1o, con gran \u00e9xito presentamos nuestras\u00a0novedades\u00a0<b>\u00a0con<\/b><b>\u00a0un amplio equipo t\u00e9cnico comercial<\/b>\u00a0dispuesto a atender a las dudas y necesidades de quien quiera acercarse a\u00a0conocernos.\u00a0<span data-ccp-props=\"{&quot;201341983&quot;:0,&quot;335559739&quot;:160,&quot;335559740&quot;:259}\">\u00a0<\/span><\/p>\n<hr \/>\n<p><b>\u00bfNecesitas una m\u00e1quina de embalaje para tu empresa?<\/b>\u00a0En OMS tenemos un<a href=\"https:\/\/omsespana.com\/catalogos\/\">\u00a0cat\u00e1logo que te sorprender\u00e1<\/a>. Si necesitas orientaci\u00f3n sobre qu\u00e9 tipo de producto es el m\u00e1s adecuado para tu empresa, puedes ponerte en contacto con nosotros. Resolveremos todas tus dudas.<span data-ccp-props=\"{&quot;201341983&quot;:0,&quot;335559739&quot;:160,&quot;335559740&quot;:259}\">\u00a0<\/span><\/p>\n","protected":false},"excerpt":{"rendered":"<p>Innovaci\u00f3n, nuevas tecnolog\u00edas y objetivos\u00a0 El sector del embalaje se&hellip;<\/p>\n","protected":false},"author":2,"featured_media":498,"comment_status":"open","ping_status":"open","sticky":false,"template":"","format":"standard","meta":{"saved_in_kubio":false,"footnotes":""},"categories":[58],"tags":[],"class_list":["post-495","post","type-post","status-publish","format-standard","has-post-thumbnail","hentry","category-otros"],"_links":{"self":[{"href":"https:\/\/omsespana.com\/blog\/wp-json\/wp\/v2\/posts\/495","targetHints":{"allow":["GET"]}}],"collection":[{"href":"https:\/\/omsespana.com\/blog\/wp-json\/wp\/v2\/posts"}],"about":[{"href":"https:\/\/omsespana.com\/blog\/wp-json\/wp\/v2\/types\/post"}],"author":[{"embeddable":true,"href":"https:\/\/omsespana.com\/blog\/wp-json\/wp\/v2\/users\/2"}],"replies":[{"embeddable":true,"href":"https:\/\/omsespana.com\/blog\/wp-json\/wp\/v2\/comments?post=495"}],"version-history":[{"count":5,"href":"https:\/\/omsespana.com\/blog\/wp-json\/wp\/v2\/posts\/495\/revisions"}],"predecessor-version":[{"id":1456,"href":"https:\/\/omsespana.com\/blog\/wp-json\/wp\/v2\/posts\/495\/revisions\/1456"}],"wp:featuredmedia":[{"embeddable":true,"href":"https:\/\/omsespana.com\/blog\/wp-json\/wp\/v2\/media\/498"}],"wp:attachment":[{"href":"https:\/\/omsespana.com\/blog\/wp-json\/wp\/v2\/media?parent=495"}],"wp:term":[{"taxonomy":"category","embeddable":true,"href":"https:\/\/omsespana.com\/blog\/wp-json\/wp\/v2\/categories?post=495"},{"taxonomy":"post_tag","embeddable":true,"href":"https:\/\/omsespana.com\/blog\/wp-json\/wp\/v2\/tags?post=495"}],"curies":[{"name":"wp","href":"https:\/\/api.w.org\/{rel}","templated":true}]}}